{"id":32943,"date":"2025-12-19T09:35:31","date_gmt":"2025-12-19T08:35:31","guid":{"rendered":"https:\/\/www.fileni.it\/?p=32943"},"modified":"2025-12-19T09:36:49","modified_gmt":"2025-12-19T08:36:49","slug":"pollo-e-feste-natalizie-ricette-della-tradizione-italiana","status":"publish","type":"post","link":"https:\/\/www.fileni.it\/de\/pollo-e-feste-natalizie-ricette-della-tradizione-italiana\/","title":{"rendered":"Pollo e feste natalizie: ricette della tradizione italiana"},"content":{"rendered":"<h2 aria-level=\"2\"><span data-contrast=\"none\">Da piatto di casa a piatto delle occasioni<\/span><span data-ccp-props=\"{&quot;134245418&quot;:true,&quot;134245529&quot;:true,&quot;335559738&quot;:160,&quot;335559739&quot;:80}\">\u00a0<\/span><\/h2>\n<p><span data-contrast=\"auto\">C\u2019\u00e8 stato un tempo, non troppo lontano, in cui il pollo non era \u201cla normalit\u00e0\u201d: era\u00a0<\/span><b><span data-contrast=\"auto\">il piatto della domenica<\/span><\/b><span data-contrast=\"auto\">\u00a0e delle ricorrenze, il\u00a0<\/span><b><span data-contrast=\"auto\">lusso possibile<\/span><\/b><span data-contrast=\"auto\">\u00a0delle famiglie italiane. A Natale, a Capodanno\u00a0e\u00a0per l\u2019Epifania, al posto del pollo giovane, arrivavano in cucina\u00a0<\/span><b><span data-contrast=\"auto\">cappone o gallina<\/span><\/b><span data-contrast=\"auto\">, perfetti per quelle preparazioni lente che facevano subito festa.<\/span><br \/>\n<span data-contrast=\"auto\">Non era solo una questione di prezzo, ma di abitudini: la carne non si mangiava ogni giorno e il pollo, quando compariva, diventava\u00a0<\/span><b><span data-contrast=\"auto\">il centro della tavola<\/span><\/b><span data-contrast=\"auto\">.<\/span><br \/>\n<span data-contrast=\"auto\">Oggi \u00e8 cambiato tutto, tranne una cosa: nelle feste il pollo continua a funzionare perch\u00e9\u00a0<\/span><b><span data-contrast=\"auto\">attraversa pi\u00f9 giorni<\/span><\/b><span data-contrast=\"auto\">, dalla vigilia a Santo Stefano. Non \u00e8 solo cibo: \u00e8 tradizione che si ripete.<\/span><span data-ccp-props=\"{}\">\u00a0<\/span><\/p>\n<h2 aria-level=\"2\"><span data-contrast=\"none\">Nord, Centro e Sud: il pollo cambia ricetta, non significato<\/span><span data-ccp-props=\"{&quot;134245418&quot;:true,&quot;134245529&quot;:true,&quot;335559738&quot;:160,&quot;335559739&quot;:80}\">\u00a0<\/span><\/h2>\n<p><span data-contrast=\"auto\">L&#8217;Italia \u00e8 piccola sulla carta, ma quando si parla di cucina diventa un continente. E basta guardare cosa facciamo col pollo per capirlo: al Nord diventa brodo che profuma per ore e piatti freddi da gran occasione, al Centro finisce in padella con aromi che cambiano di borgo in borgo, al Sud scalda la tavola con minestre sostanziose e arrosti da dividere in tanti.<\/span><span data-ccp-props=\"{}\">\u00a0<\/span><\/p>\n<p><span data-contrast=\"auto\">Al Nord, quando si parla di feste, la prima cosa che viene in mente \u00e8 il\u00a0<\/span><b><span data-contrast=\"auto\">brodo<\/span><\/b><span data-contrast=\"auto\">: ore sul fuoco, profumo in casa, e poi tortellini o cappelletti nel piatto fondo. E la carne del brodo non si butta: spesso si serve anche come bollito, magari con un contorno o una salsa. E quando il caldo ha fatto la sua parte, arrivano anche i piatti freddi delle feste: gelatine, galantine e terrine preparate in anticipo e tirate fuori quando la casa \u00e8 piena.<\/span><span data-ccp-props=\"{}\">\u00a0<\/span><\/p>\n<p><span data-contrast=\"auto\">Nel Centro Italia il pollo \u00e8 pi\u00f9 spesso \u201cdi tegame\u201d: a pezzi, rosolato, stufato. La\u00a0<\/span><b><span data-contrast=\"auto\">cacciatora<\/span><\/b><span data-contrast=\"auto\">\u00a0\u00e8 l\u2019esempio pi\u00f9 facile: cambia in base alla zona e alla famiglia. Olive nere in Umbria, una nota pi\u00f9 acida in alcune versioni marchigiane, pomodoro in Toscana. Stessa idea, dettagli diversi.<\/span><span data-ccp-props=\"{}\">\u00a0<\/span><\/p>\n<p><span data-contrast=\"auto\">Al Sud, infine, il pollo entra spesso in preparazioni\u00a0accoglienti:\u00a0<\/span><b><span data-contrast=\"auto\">brodi intensi<\/span><\/b><span data-contrast=\"auto\">\u00a0insieme a verdure e legumi, ricette che richiedono tempo e presenza. Anche quando arriva\u00a0<\/span><b><span data-contrast=\"auto\">arrosto<\/span><\/b><span data-contrast=\"auto\">, con le patate sotto che assorbono profumi e succhi, resta un piatto &#8220;di famiglia&#8221;, fatto per essere condiviso e diviso in porzioni generose.<\/span><span data-ccp-props=\"{}\">\u00a0<\/span><\/p>\n<h2 aria-level=\"2\"><span data-contrast=\"none\">La tavola delle feste: antipasti, primi e secondi da riscoprire<\/span><span data-ccp-props=\"{&quot;134245418&quot;:true,&quot;134245529&quot;:true,&quot;335559738&quot;:160,&quot;335559739&quot;:80}\">\u00a0<\/span><\/h2>\n<p><span data-contrast=\"auto\">Durante le feste la tavola si allunga,\u00a0si mangia con pi\u00f9 calma e con pi\u00f9 portate:\u00a0il pollo trova spazio in tante ricette diverse, dagli\u00a0<\/span><b><span data-contrast=\"auto\">antipasti<\/span><\/b><span data-contrast=\"auto\">\u00a0ai\u00a0<\/span><b><span data-contrast=\"auto\">primi in brodo<\/span><\/b><span data-contrast=\"auto\">, fino ai\u00a0<\/span><b><span data-contrast=\"auto\">secondi<\/span><\/b><span data-contrast=\"auto\">.<\/span><span data-ccp-props=\"{}\">\u00a0<\/span><\/p>\n<h3 aria-level=\"3\"><span data-contrast=\"none\">Antipasti: quando i fegatini aprivano la festa<\/span><span data-ccp-props=\"{&quot;134245418&quot;:true,&quot;134245529&quot;:true,&quot;335559738&quot;:160,&quot;335559739&quot;:80}\">\u00a0<\/span><\/h3>\n<p><span data-contrast=\"auto\">In alcune zone, soprattutto in Toscana ma non solo, il pranzo delle feste iniziava con antipasti che oggi sembrano \u201csemplici\u201d, ma che a tavola facevano subito atmosfera:\u00a0<\/span><b><span data-contrast=\"auto\">i crostini di fegatini<\/span><\/b><span data-contrast=\"auto\">, cio\u00e8\u00a0<\/span><b><span data-contrast=\"auto\">fette di pane tostato con crema di fegatini<\/span><\/b><span data-contrast=\"auto\">\u00a0scura e saporita, dal gusto deciso. \u00c8 uno di quei sapori che divide, ma per chi lo ama \u00e8 un classico irrinunciabile. Artusi li cita tra i suoi \u201cprincipii\u201d, segno che erano gi\u00e0 parte della tradizione italiana ben prima dei buffet moderni.<\/span><span data-ccp-props=\"{}\">\u00a0<\/span><\/p>\n<p><span data-contrast=\"auto\">Qui pi\u00f9 che la ricetta conta il gesto: fegatini rosolati con gli odori, una sfumata, poi tutto lavorato fino a ottenere una crema liscia. E poi arriva la \u201cfirma\u201d di casa: c\u2019\u00e8 chi mette capperi, chi un\u2019acciuga, chi una nota appena dolce di uvetta.<\/span><span data-ccp-props=\"{}\">\u00a0<\/span><\/p>\n<h3 aria-level=\"3\"><span data-contrast=\"none\">Primi: il brodo che annuncia il Natale<\/span><span data-ccp-props=\"{&quot;134245418&quot;:true,&quot;134245529&quot;:true,&quot;335559738&quot;:160,&quot;335559739&quot;:80}\">\u00a0<\/span><\/h3>\n<p><span data-contrast=\"auto\">Se c\u2019\u00e8 un profumo che in molte case del Nord e del Centro Italia fa subito Natale, \u00e8 quello del\u00a0<\/span><b><span data-contrast=\"auto\">brodo<\/span><\/b><span data-contrast=\"auto\">.\u00a0<\/span><b><span data-contrast=\"auto\">Tortellini e cappelletti in brodo<\/span><\/b><span data-contrast=\"auto\">\u00a0sono pi\u00f9 di un primo: sono l\u2019inizio del pranzo, quello che scalda e mette tutti d\u2019accordo.<\/span><span data-ccp-props=\"{}\">\u00a0<\/span><\/p>\n<p><span data-contrast=\"auto\">Per farlo bene bastano poche cose, ma fatte con calma:\u00a0<\/span><b><span data-contrast=\"auto\">gallina o pollo<\/span><\/b><span data-contrast=\"auto\">, meglio ancora\u00a0<\/span><b><span data-contrast=\"auto\">tagli con osso<\/span><\/b><span data-contrast=\"auto\">\u00a0perch\u00e9 danno pi\u00f9 carattere, verdure invernali (carota, sedano, cipolla), cottura lenta e un filtraggio curato, finch\u00e9 il brodo diventa limpido, dorato e profumato. Poi arriva il momento che tutti aspettano: la pasta ripiena cuoce pochi minuti, giusto il tempo di gonfiarsi e venire a galla, e si serve fumante nel piatto fondo.<\/span><span data-ccp-props=\"{}\">\u00a0<\/span><\/p>\n<p><span data-contrast=\"auto\">E spesso lo stesso brodo torna anche dopo, ed \u00e8 uno dei suoi vantaggi: per una minestra con verdure o per cuocere i passatelli.<\/span><span data-ccp-props=\"{}\">\u00a0<\/span><\/p>\n<h3 aria-level=\"3\"><span data-contrast=\"none\">Secondi: i classici che mettono d\u2019accordo tutti<\/span><span data-ccp-props=\"{&quot;134245418&quot;:true,&quot;134245529&quot;:true,&quot;335559738&quot;:160,&quot;335559739&quot;:80}\">\u00a0<\/span><\/h3>\n<p><img fetchpriority=\"high\" decoding=\"async\" class=\"size-full wp-image-32944 aligncenter\" src=\"https:\/\/www.fileni.it\/wp-content\/uploads\/2025\/12\/pollo-nelle-feste22.webp\" alt=\"\" width=\"700\" height=\"525\" srcset=\"https:\/\/www.fileni.it\/wp-content\/uploads\/2025\/12\/pollo-nelle-feste22.webp 700w, https:\/\/www.fileni.it\/wp-content\/uploads\/2025\/12\/pollo-nelle-feste22-300x225.webp 300w, https:\/\/www.fileni.it\/wp-content\/uploads\/2025\/12\/pollo-nelle-feste22-16x12.webp 16w\" sizes=\"(max-width: 700px) 100vw, 700px\" \/><\/p>\n<p><span data-contrast=\"auto\">A Natale il secondo \u00e8 spesso il piatto pi\u00f9 atteso. E col pollo si va sul sicuro: ci sono ricette tradizionali diverse tra loro, ma tutte perfette quando a tavola si \u00e8 in tanti e si vuole mangiare \u201cbene\u201d, senza complicarsi la vita.<\/span><span data-ccp-props=\"{}\">\u00a0<\/span><\/p>\n<p aria-level=\"4\"><strong><i>Pollo ripieno al forno<\/i>\u00a0<\/strong><\/p>\n<p><span data-contrast=\"auto\">Arriva intero, dorato, profumato di rosmarino e aglio: \u00e8 uno di quei piatti che fanno subito festa. Artusi lo racconta come cucina di famiglia, e in fondo \u00e8 questo il senso: un grande classico fatto in casa, senza effetti speciali.<\/span><span data-ccp-props=\"{}\">\u00a0<\/span><\/p>\n<p><span data-contrast=\"auto\">La logica del ripieno, senza stare sulle dosi, \u00e8 semplice: pane ammollato, uova per legare, formaggio grattugiato, erbe aromatiche e una parte \u201csapida\u201d che cambia da zona a zona. Si farcisce, si lega con lo spago e si cuoce con calma. Il dettaglio che spesso fa la differenza \u00e8 uno:\u00a0<\/span><b><span data-contrast=\"auto\">lasciarlo riposare prima di tagliarlo<\/span><\/b><span data-contrast=\"auto\">, cos\u00ec il ripieno si assesta e la carne resta pi\u00f9 succosa.<\/span><span data-ccp-props=\"{}\">\u00a0<\/span><\/p>\n<p aria-level=\"4\"><strong><i>Pollo alla cacciatora delle feste<\/i>\u00a0<\/strong><\/p>\n<p><span data-contrast=\"auto\">\u00c8 una di quelle ricette che cambiano da zona a zona, ma che in famiglia si riconoscono subito:\u00a0<\/span><b><span data-contrast=\"auto\">pollo alla cacciatora<\/span><\/b><span data-contrast=\"auto\">. Non \u00e8 quella \u201cdi corsa\u201d: \u00e8 quella che va piano, con il coperchio, e che spesso si prepara anche in anticipo, perch\u00e9 il giorno dopo \u00e8 ancora pi\u00f9 buona.<\/span><span data-ccp-props=\"{}\">\u00a0<\/span><\/p>\n<p><span data-contrast=\"auto\">I passaggi che contano sono sempre gli stessi: rosolare bene i pezzi, sfumare con un po\u2019 di vino, poi lasciare andare a fuoco dolce con rosmarino, salvia e alloro. Poi arriva la parte \u201cdi casa\u201d, quella che cambia davvero: pomodoro e olive nere, una goccia di aceto per una nota pi\u00f9 vivace, in alcune versioni anche funghi secchi o patate. Il segreto resta semplice:\u00a0<\/span><b><span data-contrast=\"auto\">niente fretta<\/span><\/b><span data-contrast=\"auto\">.<\/span><span data-ccp-props=\"{}\">\u00a0<\/span><\/p>\n<p aria-level=\"4\"><strong><i>Pollo in gelatina e galantina<\/i>\u00a0<\/strong><\/p>\n<p><span data-contrast=\"auto\">Qui si entra nei\u00a0<\/span><b><span data-contrast=\"auto\">piatti freddi delle feste<\/span><\/b><span data-contrast=\"auto\">, quelli che si preparano in anticipo e tornano utili a Santo Stefano o a Capodanno, quando in casa c\u2019\u00e8 sempre qualcuno da servire.<\/span><span data-ccp-props=\"{}\">\u00a0<\/span><\/p>\n<p><span data-contrast=\"auto\">In pratica: si cuoce il pollo in un brodo saporito, poi si disossa e si sistema in una terrina. Si versa sopra il brodo filtrato e, con il freddo, pu\u00f2 solidificarsi diventando una gelatina leggera che tiene tutto insieme (se\u00a0serve, si pu\u00f2 aiutare con un po\u2019 di gelatina alimentare). Si taglia a fette e si serve freddo, spesso con mostarde, sottaceti o un contorno leggermente agrodolce, come vuole la tradizione.<\/span><span data-ccp-props=\"{}\">\u00a0<\/span><\/p>\n<h2 aria-level=\"2\"><span data-contrast=\"none\">Il pollo come rito familiare<\/span><span data-ccp-props=\"{&quot;134245418&quot;:true,&quot;134245529&quot;:true,&quot;335559738&quot;:160,&quot;335559739&quot;:80}\">\u00a0<\/span><\/h2>\n<p><span data-contrast=\"auto\">A Natale il pollo non \u00e8 solo \u201cuna ricetta\u201d: \u00e8 uno di quei piatti che si fanno con un po\u2019 pi\u00f9 di calma e che spesso portano pi\u00f9 persone in cucina, anche solo per dare una mano o assaggiare.<\/span><span data-ccp-props=\"{}\">\u00a0<\/span><\/p>\n<p><span data-contrast=\"auto\">La scelta del taglio e la cottura contano: nelle feste funzionano bene preparazioni come\u00a0<\/span><b><span data-contrast=\"auto\">arrosto<\/span><\/b><span data-contrast=\"auto\">,\u00a0<\/span><b><span data-contrast=\"auto\">ripieno<\/span><\/b><span data-contrast=\"auto\">,\u00a0<\/span><b><span data-contrast=\"auto\">in umido<\/span><\/b><span data-contrast=\"auto\">\u00a0o\u00a0<\/span><b><span data-contrast=\"auto\">in brodo<\/span><\/b><span data-contrast=\"auto\">, perch\u00e9 reggono tempi pi\u00f9 lunghi e danno soddisfazione anche con ingredienti semplici.<\/span><span data-ccp-props=\"{}\">\u00a0<\/span><\/p>\n<p><span data-contrast=\"auto\">E poi c\u2019\u00e8 il lato pratico, che a dicembre non guasta mai: il pollo \u00e8 perfetto anche nei giorni successivi. A Santo Stefano pu\u00f2 tornare freddo a fette, diventare un\u2019insalata, finire in un panino o trasformarsi in un brodo \u201cdi recupero\u201d. Risultato: un piatto che accompagna pi\u00f9 pranzi, senza sprechi e senza stress.<\/span><span data-ccp-props=\"{}\">\u00a0<\/span><\/p>\n<h2 aria-level=\"2\"><span data-contrast=\"none\">Una tradizione che torna ogni Natale<\/span><span data-ccp-props=\"{&quot;134245418&quot;:true,&quot;134245529&quot;:true,&quot;335559738&quot;:160,&quot;335559739&quot;:80}\">\u00a0<\/span><\/h2>\n<p><span data-contrast=\"auto\">Ogni dicembre il pollo torna sulle tavole delle feste, magari con una variante di famiglia o un dettaglio diverso, ma con la stessa logica di sempre: si prepara con calma e si mette al centro della tavola.<\/span><span data-ccp-props=\"{}\">\u00a0<\/span><\/p>\n<p><span data-contrast=\"auto\">Ecco perch\u00e9 continua a funzionare: \u00e8 un piatto\u00a0<\/span><b><span data-contrast=\"auto\">affidabile<\/span><\/b><span data-contrast=\"auto\">, che d\u00e0 soddisfazione anche con ingredienti semplici e che, se avanza, si trasforma senza diventare un \u201cavanzo triste\u201d.<\/span><span data-ccp-props=\"{}\">\u00a0<\/span><\/p>\n<p><span data-contrast=\"auto\">Non serve reinventarlo: basta farlo bene.<\/span><span data-ccp-props=\"{}\">\u00a0<\/span><\/p>","protected":false},"excerpt":{"rendered":"<p>Da piatto di casa a piatto delle occasioni\u00a0 C\u2019\u00e8 stato un tempo, non troppo lontano, in cui il pollo non era \u201cla normalit\u00e0\u201d: era\u00a0il piatto della domenica\u00a0e delle ricorrenze, il\u00a0lusso possibile\u00a0delle famiglie italiane. A Natale, a Capodanno\u00a0e\u00a0per l\u2019Epifania, al posto del pollo giovane, arrivavano in cucina\u00a0cappone o gallina, perfetti per quelle preparazioni lente che facevano [&hellip;]<\/p>","protected":false},"author":5,"featured_media":32945,"comment_status":"closed","ping_status":"closed","sticky":false,"template":"","format":"standard","meta":{"_acf_changed":false,"footnotes":""},"categories":[371],"tags":[],"class_list":["post-32943","post","type-post","status-publish","format-standard","has-post-thumbnail","hentry","category-pollo-e-dintorni"],"acf":[],"yoast_head":"<!-- This site is optimized with the Yoast SEO plugin v26.8 - https:\/\/yoast.com\/product\/yoast-seo-wordpress\/ -->\n<title>Il pollo a Natale: ricette, storia e tradizione | Blog Fileni<\/title>\n<meta name=\"description\" content=\"A Natale il pollo \u00e8 protagonista: brodi, arrosti e ricette di famiglia che raccontano la tradizione italiana delle feste.\" \/>\n<meta name=\"robots\" content=\"index, follow, max-snippet:-1, max-image-preview:large, max-video-preview:-1\" \/>\n<link rel=\"canonical\" href=\"https:\/\/www.fileni.it\/de\/pollo-e-feste-natalizie-ricette-della-tradizione-italiana\/\" \/>\n<meta property=\"og:locale\" content=\"de_DE\" \/>\n<meta property=\"og:type\" content=\"article\" \/>\n<meta property=\"og:title\" content=\"Il pollo a Natale: ricette, storia e tradizione | Blog Fileni\" \/>\n<meta property=\"og:description\" content=\"A Natale il pollo \u00e8 protagonista: brodi, arrosti e ricette di famiglia che raccontano la tradizione italiana delle feste.\" \/>\n<meta property=\"og:url\" content=\"https:\/\/www.fileni.it\/de\/pollo-e-feste-natalizie-ricette-della-tradizione-italiana\/\" \/>\n<meta property=\"og:site_name\" content=\"Pollo e piatti pronti Fileni: gastronomia e carni italiane\" \/>\n<meta property=\"article:published_time\" content=\"2025-12-19T08:35:31+00:00\" \/>\n<meta property=\"article:modified_time\" content=\"2025-12-19T08:36:49+00:00\" \/>\n<meta property=\"og:image\" content=\"https:\/\/www.fileni.it\/wp-content\/uploads\/2025\/12\/pollo-nelle-feste.webp\" \/>\n\t<meta property=\"og:image:width\" content=\"880\" \/>\n\t<meta property=\"og:image:height\" content=\"419\" \/>\n\t<meta property=\"og:image:type\" content=\"image\/webp\" \/>\n<meta name=\"author\" content=\"bottiglieri\" \/>\n<meta name=\"twitter:card\" content=\"summary_large_image\" \/>\n<meta name=\"twitter:label1\" content=\"Written by\" \/>\n\t<meta name=\"twitter:data1\" content=\"bottiglieri\" \/>\n\t<meta name=\"twitter:label2\" content=\"Est. reading time\" \/>\n\t<meta name=\"twitter:data2\" content=\"8\u00a0Minuten\" \/>\n<!-- \/ Yoast SEO plugin. -->","yoast_head_json":{"title":"Il pollo a Natale: ricette, storia e tradizione | Blog Fileni","description":"A Natale il pollo \u00e8 protagonista: brodi, arrosti e ricette di famiglia che raccontano la tradizione italiana delle feste.","robots":{"index":"index","follow":"follow","max-snippet":"max-snippet:-1","max-image-preview":"max-image-preview:large","max-video-preview":"max-video-preview:-1"},"canonical":"https:\/\/www.fileni.it\/de\/pollo-e-feste-natalizie-ricette-della-tradizione-italiana\/","og_locale":"de_DE","og_type":"article","og_title":"Il pollo a Natale: ricette, storia e tradizione | Blog Fileni","og_description":"A Natale il pollo \u00e8 protagonista: brodi, arrosti e ricette di famiglia che raccontano la tradizione italiana delle feste.","og_url":"https:\/\/www.fileni.it\/de\/pollo-e-feste-natalizie-ricette-della-tradizione-italiana\/","og_site_name":"Pollo e piatti pronti Fileni: gastronomia e carni italiane","article_published_time":"2025-12-19T08:35:31+00:00","article_modified_time":"2025-12-19T08:36:49+00:00","og_image":[{"width":880,"height":419,"url":"https:\/\/www.fileni.it\/wp-content\/uploads\/2025\/12\/pollo-nelle-feste.webp","type":"image\/webp"}],"author":"bottiglieri","twitter_card":"summary_large_image","twitter_misc":{"Written by":"bottiglieri","Est. reading time":"8\u00a0Minuten"},"schema":{"@context":"https:\/\/schema.org","@graph":[{"@type":"Article","@id":"https:\/\/www.fileni.it\/pollo-e-feste-natalizie-ricette-della-tradizione-italiana\/#article","isPartOf":{"@id":"https:\/\/www.fileni.it\/pollo-e-feste-natalizie-ricette-della-tradizione-italiana\/"},"author":{"name":"bottiglieri","@id":"https:\/\/www.fileni.it\/#\/schema\/person\/0cdc93034ca74f55b327eec3acb514f9"},"headline":"Pollo e feste natalizie: ricette della tradizione italiana","datePublished":"2025-12-19T08:35:31+00:00","dateModified":"2025-12-19T08:36:49+00:00","mainEntityOfPage":{"@id":"https:\/\/www.fileni.it\/pollo-e-feste-natalizie-ricette-della-tradizione-italiana\/"},"wordCount":1280,"image":{"@id":"https:\/\/www.fileni.it\/pollo-e-feste-natalizie-ricette-della-tradizione-italiana\/#primaryimage"},"thumbnailUrl":"https:\/\/www.fileni.it\/wp-content\/uploads\/2025\/12\/pollo-nelle-feste.webp","articleSection":["Pollo &amp; Dintorni"],"inLanguage":"de"},{"@type":"WebPage","@id":"https:\/\/www.fileni.it\/pollo-e-feste-natalizie-ricette-della-tradizione-italiana\/","url":"https:\/\/www.fileni.it\/pollo-e-feste-natalizie-ricette-della-tradizione-italiana\/","name":"Il pollo a Natale: ricette, storia e tradizione | Blog Fileni","isPartOf":{"@id":"https:\/\/www.fileni.it\/#website"},"primaryImageOfPage":{"@id":"https:\/\/www.fileni.it\/pollo-e-feste-natalizie-ricette-della-tradizione-italiana\/#primaryimage"},"image":{"@id":"https:\/\/www.fileni.it\/pollo-e-feste-natalizie-ricette-della-tradizione-italiana\/#primaryimage"},"thumbnailUrl":"https:\/\/www.fileni.it\/wp-content\/uploads\/2025\/12\/pollo-nelle-feste.webp","datePublished":"2025-12-19T08:35:31+00:00","dateModified":"2025-12-19T08:36:49+00:00","author":{"@id":"https:\/\/www.fileni.it\/#\/schema\/person\/0cdc93034ca74f55b327eec3acb514f9"},"description":"A Natale il pollo \u00e8 protagonista: brodi, arrosti e ricette di famiglia che raccontano la tradizione italiana delle feste.","breadcrumb":{"@id":"https:\/\/www.fileni.it\/pollo-e-feste-natalizie-ricette-della-tradizione-italiana\/#breadcrumb"},"inLanguage":"de","potentialAction":[{"@type":"ReadAction","target":["https:\/\/www.fileni.it\/pollo-e-feste-natalizie-ricette-della-tradizione-italiana\/"]}]},{"@type":"ImageObject","inLanguage":"de","@id":"https:\/\/www.fileni.it\/pollo-e-feste-natalizie-ricette-della-tradizione-italiana\/#primaryimage","url":"https:\/\/www.fileni.it\/wp-content\/uploads\/2025\/12\/pollo-nelle-feste.webp","contentUrl":"https:\/\/www.fileni.it\/wp-content\/uploads\/2025\/12\/pollo-nelle-feste.webp","width":880,"height":419},{"@type":"BreadcrumbList","@id":"https:\/\/www.fileni.it\/pollo-e-feste-natalizie-ricette-della-tradizione-italiana\/#breadcrumb","itemListElement":[{"@type":"ListItem","position":1,"name":"Home","item":"https:\/\/www.fileni.it\/de\/prodotto\/"},{"@type":"ListItem","position":2,"name":"Pollo e feste natalizie: ricette della tradizione italiana"}]},{"@type":"WebSite","@id":"https:\/\/www.fileni.it\/#website","url":"https:\/\/www.fileni.it\/","name":"Pollo e piatti pronti Fileni: gastronomia e carni italiane","description":"","potentialAction":[{"@type":"SearchAction","target":{"@type":"EntryPoint","urlTemplate":"https:\/\/www.fileni.it\/?s={search_term_string}"},"query-input":{"@type":"PropertyValueSpecification","valueRequired":true,"valueName":"search_term_string"}}],"inLanguage":"de"},{"@type":"Person","@id":"https:\/\/www.fileni.it\/#\/schema\/person\/0cdc93034ca74f55b327eec3acb514f9","name":"bottiglieri","image":{"@type":"ImageObject","inLanguage":"de","@id":"https:\/\/www.fileni.it\/#\/schema\/person\/image\/","url":"https:\/\/secure.gravatar.com\/avatar\/7b53ac2e1e59c826d232cf2f4b348f1a82bba1fd5f16c7028368220d5dde228a?s=96&d=mm&r=g","contentUrl":"https:\/\/secure.gravatar.com\/avatar\/7b53ac2e1e59c826d232cf2f4b348f1a82bba1fd5f16c7028368220d5dde228a?s=96&d=mm&r=g","caption":"bottiglieri"},"url":"https:\/\/www.fileni.it\/de\/author\/bottiglieri\/"}]}},"_links":{"self":[{"href":"https:\/\/www.fileni.it\/de\/wp-json\/wp\/v2\/posts\/32943","targetHints":{"allow":["GET"]}}],"collection":[{"href":"https:\/\/www.fileni.it\/de\/wp-json\/wp\/v2\/posts"}],"about":[{"href":"https:\/\/www.fileni.it\/de\/wp-json\/wp\/v2\/types\/post"}],"author":[{"embeddable":true,"href":"https:\/\/www.fileni.it\/de\/wp-json\/wp\/v2\/users\/5"}],"replies":[{"embeddable":true,"href":"https:\/\/www.fileni.it\/de\/wp-json\/wp\/v2\/comments?post=32943"}],"version-history":[{"count":0,"href":"https:\/\/www.fileni.it\/de\/wp-json\/wp\/v2\/posts\/32943\/revisions"}],"wp:featuredmedia":[{"embeddable":true,"href":"https:\/\/www.fileni.it\/de\/wp-json\/wp\/v2\/media\/32945"}],"wp:attachment":[{"href":"https:\/\/www.fileni.it\/de\/wp-json\/wp\/v2\/media?parent=32943"}],"wp:term":[{"taxonomy":"category","embeddable":true,"href":"https:\/\/www.fileni.it\/de\/wp-json\/wp\/v2\/categories?post=32943"},{"taxonomy":"post_tag","embeddable":true,"href":"https:\/\/www.fileni.it\/de\/wp-json\/wp\/v2\/tags?post=32943"}],"curies":[{"name":"wp","href":"https:\/\/api.w.org\/{rel}","templated":true}]}}